{"id":1955,"date":"2026-03-27T14:05:58","date_gmt":"2026-03-27T14:05:58","guid":{"rendered":"https:\/\/ilgroglio.it\/?p=1955"},"modified":"2026-03-27T14:05:58","modified_gmt":"2026-03-27T14:05:58","slug":"la-prova-menu-del-tuo-matrimonio-come-quando-e-con-chi","status":"publish","type":"post","link":"https:\/\/ilgroglio.it\/index.php\/2026\/03\/27\/la-prova-menu-del-tuo-matrimonio-come-quando-e-con-chi\/","title":{"rendered":"La prova men\u00f9 del tuo matrimonio: come, quando e con chi?"},"content":{"rendered":"\n<p>Fare la prova men\u00f9 \u00e8 uno dei compiti pi\u00f9 importanti e anche uno dei pi\u00f9 deliziosi di tutti i preparativi del matrimonio!<\/p>\n\n\n\n<p>\u00c8 fondamentale per scegliere quello che si manger\u00e0 e anche per godersi con calma il men\u00f9 di quel giorno. In effetti al matrimonio gli sposi, troppo presi dai loro ospiti e dalla frenesia della giornata, fanno fatica ad assaporare le portate con la dovuta calma.<\/p>\n\n\n\n<p>Se ti sei sempre chiesto come funziona la prova men\u00f9 e sei in cerca delle informazioni su come prepararti, allora questo articolo \u00e8 per te!<\/p>\n\n\n\n<p>Come avviene la prova men\u00f9 al Groglio?<\/p>\n\n\n\n<p>La nostra prova men\u00f9 \u00e8 esclusivamente dedicata a voi due.<\/p>\n\n\n\n<p>Non facciamo prove cumulative in cui gli sposi si trovano in un salone rumoroso e in cui devono aspettare ore per poter parlare di persona con lo chef.<\/p>\n\n\n\n<p>Al Groglio crediamo che la prova vada fatta nella completa intimit\u00e0, per godersi anche un momento magico dedicato a voi due.<\/p>\n\n\n\n<p>Alla prova assaggerai tutte le portate del tuo men\u00f9 nelle quantit\u00e0 che verranno servite il giorno del matrimonio.<\/p>\n\n\n\n<p>Cos\u00ec avrai la garanzia di selezionare un men\u00f9 equilibrato e perfetto per i tuoi gusti.<\/p>\n\n\n\n<p>Come prepararsi alla prova men\u00f9?<\/p>\n\n\n\n<p>Ti consigliamo di rimanere leggero in modo da avere il giusto punto di fame quando arrivi. Non esagerare con il cibo, ma non rimanere nemmeno a digiuno! Il giusto equilibrio \u00e8 fondamentale per arrivare al pranzo o alla cena di prova affamati ma non troppo.<\/p>\n\n\n\n<p>Con chi fare la prova men\u00f9?<\/p>\n\n\n\n<p>Volete proprio conoscere la nostra risposta? Da soli!<\/p>\n\n\n\n<p>\u00c8 il modo migliore per godersi tutta l\u2019esperienza e avere la possibilit\u00e0 di scegliere con calma il men\u00f9 senza essere influenzati da pareri esterni. Quel giorno \u00e8 il vostro e di nessun altro, il men\u00f9 deve rispecchiare unicamente i vostri gusti. Portare con voi altre persone potrebbe confondervi e rendere ancora pi\u00f9 difficile la scelta.<\/p>\n\n\n\n<p>Inoltre, la priorit\u00e0 di quel giorno siete solo voi, ed \u00e8 meraviglioso per una volta potersi dedicare a s\u00e9 stessi e coccolarsi, non credete?<\/p>\n\n\n\n<figure class=\"wp-block-image size-full\"><img fetchpriority=\"high\" decoding=\"async\" width=\"710\" height=\"710\" src=\"https:\/\/ilgroglio.it\/wp-content\/uploads\/2026\/03\/Immagine2.png\" alt=\"\" class=\"wp-image-1957\" srcset=\"https:\/\/ilgroglio.it\/wp-content\/uploads\/2026\/03\/Immagine2.png 710w, https:\/\/ilgroglio.it\/wp-content\/uploads\/2026\/03\/Immagine2-300x300.png 300w, https:\/\/ilgroglio.it\/wp-content\/uploads\/2026\/03\/Immagine2-150x150.png 150w\" sizes=\"(max-width: 710px) 100vw, 710px\" \/><\/figure>\n\n\n\n<p>E i men\u00f9 speciali?<\/p>\n\n\n\n<p>I men\u00f9 per gli ospiti intolleranti o allergici vengono definiti per essere pi\u00f9 simili possibile al men\u00f9 che avete scelto per tutti.<\/p>\n\n\n\n<p>Sar\u00e0 lo chef a realizzare la versione adatta per qualsiasi differenziazione del men\u00f9.<\/p>\n\n\n\n<p>Hai bisogno di aiuto per scegliere il tuo men\u00f9?<\/p>\n\n\n\n<p>Ci pensa lo chef!<\/p>\n\n\n\n<p>Vorresti apportare modifiche o sei indeciso tra una portata e l\u2019altra? Il nostro chef Carlo Chiera \u00e8 li per aiutarti e consigliarti nella scelta. Con pi\u00f9 di 30 anni di esperienza nel campo della ristorazione per matrimoni sapr\u00e0 certamente guidarti tra le tante pietanze del nostro men\u00f9.&nbsp;&nbsp;<\/p>\n\n\n\n<p><\/p>\n","protected":false},"excerpt":{"rendered":"<p>Fare la prova men\u00f9 \u00e8 uno dei compiti pi\u00f9 importanti e anche uno dei pi\u00f9 deliziosi di tutti i preparativi del matrimonio! \u00c8 fondamentale per scegliere quello che si manger\u00e0 e anche per godersi con calma il men\u00f9 di quel giorno. In effetti al matrimonio gli sposi, troppo presi dai loro ospiti e dalla frenesia [&hellip;]<\/p>\n","protected":false},"author":1,"featured_media":1956,"comment_status":"open","ping_status":"open","sticky":false,"template":"","format":"standard","meta":{"footnotes":""},"categories":[7],"tags":[],"class_list":["post-1955","post","type-post","status-publish","format-standard","has-post-thumbnail","hentry","category-matrimoni"],"yoast_head":"<!-- This site is optimized with the Yoast SEO plugin v26.2 - https:\/\/yoast.com\/wordpress\/plugins\/seo\/ -->\n<title>La prova men\u00f9 del tuo matrimonio: come, quando e con chi? - Il groglio<\/title>\n<meta name=\"robots\" content=\"index, follow, max-snippet:-1, max-image-preview:large, max-video-preview:-1\" \/>\n<link rel=\"canonical\" href=\"https:\/\/ilgroglio.it\/index.php\/2026\/03\/27\/la-prova-menu-del-tuo-matrimonio-come-quando-e-con-chi\/\" \/>\n<meta property=\"og:locale\" content=\"it_IT\" \/>\n<meta property=\"og:type\" content=\"article\" \/>\n<meta property=\"og:title\" content=\"La prova men\u00f9 del tuo matrimonio: come, quando e con chi? - Il groglio\" \/>\n<meta property=\"og:description\" content=\"Fare la prova men\u00f9 \u00e8 uno dei compiti pi\u00f9 importanti e anche uno dei pi\u00f9 deliziosi di tutti i preparativi del matrimonio! \u00c8 fondamentale per scegliere quello che si manger\u00e0 e anche per godersi con calma il men\u00f9 di quel giorno. In effetti al matrimonio gli sposi, troppo presi dai loro ospiti e dalla frenesia [&hellip;]\" \/>\n<meta property=\"og:url\" content=\"https:\/\/ilgroglio.it\/index.php\/2026\/03\/27\/la-prova-menu-del-tuo-matrimonio-come-quando-e-con-chi\/\" \/>\n<meta property=\"og:site_name\" content=\"Il groglio\" \/>\n<meta property=\"article:published_time\" content=\"2026-03-27T14:05:58+00:00\" \/>\n<meta property=\"og:image\" content=\"https:\/\/ilgroglio.it\/wp-content\/uploads\/2026\/03\/Immagine1.png\" \/>\n\t<meta property=\"og:image:width\" content=\"830\" \/>\n\t<meta property=\"og:image:height\" content=\"831\" \/>\n\t<meta property=\"og:image:type\" content=\"image\/png\" \/>\n<meta name=\"author\" content=\"admin\" \/>\n<meta name=\"twitter:card\" content=\"summary_large_image\" \/>\n<meta name=\"twitter:label1\" content=\"Scritto da\" \/>\n\t<meta name=\"twitter:data1\" content=\"admin\" \/>\n\t<meta name=\"twitter:label2\" content=\"Tempo di lettura stimato\" \/>\n\t<meta name=\"twitter:data2\" content=\"3 minuti\" \/>\n<script type=\"application\/ld+json\" class=\"yoast-schema-graph\">{\"@context\":\"https:\/\/schema.org\",\"@graph\":[{\"@type\":\"Article\",\"@id\":\"https:\/\/ilgroglio.it\/index.php\/2026\/03\/27\/la-prova-menu-del-tuo-matrimonio-come-quando-e-con-chi\/#article\",\"isPartOf\":{\"@id\":\"https:\/\/ilgroglio.it\/index.php\/2026\/03\/27\/la-prova-menu-del-tuo-matrimonio-come-quando-e-con-chi\/\"},\"author\":{\"name\":\"admin\",\"@id\":\"https:\/\/ilgroglio.it\/#\/schema\/person\/1829e345ce7efde17291e46a3e157f64\"},\"headline\":\"La prova men\u00f9 del tuo matrimonio: come, quando e con chi?\",\"datePublished\":\"2026-03-27T14:05:58+00:00\",\"mainEntityOfPage\":{\"@id\":\"https:\/\/ilgroglio.it\/index.php\/2026\/03\/27\/la-prova-menu-del-tuo-matrimonio-come-quando-e-con-chi\/\"},\"wordCount\":438,\"commentCount\":0,\"publisher\":{\"@id\":\"https:\/\/ilgroglio.it\/#organization\"},\"image\":{\"@id\":\"https:\/\/ilgroglio.it\/index.php\/2026\/03\/27\/la-prova-menu-del-tuo-matrimonio-come-quando-e-con-chi\/#primaryimage\"},\"thumbnailUrl\":\"https:\/\/ilgroglio.it\/wp-content\/uploads\/2026\/03\/Immagine1.png\",\"articleSection\":[\"Matrimoni\"],\"inLanguage\":\"it-IT\",\"potentialAction\":[{\"@type\":\"CommentAction\",\"name\":\"Comment\",\"target\":[\"https:\/\/ilgroglio.it\/index.php\/2026\/03\/27\/la-prova-menu-del-tuo-matrimonio-come-quando-e-con-chi\/#respond\"]}]},{\"@type\":\"WebPage\",\"@id\":\"https:\/\/ilgroglio.it\/index.php\/2026\/03\/27\/la-prova-menu-del-tuo-matrimonio-come-quando-e-con-chi\/\",\"url\":\"https:\/\/ilgroglio.it\/index.php\/2026\/03\/27\/la-prova-menu-del-tuo-matrimonio-come-quando-e-con-chi\/\",\"name\":\"La prova men\u00f9 del tuo matrimonio: come, quando e con chi? - Il groglio\",\"isPartOf\":{\"@id\":\"https:\/\/ilgroglio.it\/#website\"},\"primaryImageOfPage\":{\"@id\":\"https:\/\/ilgroglio.it\/index.php\/2026\/03\/27\/la-prova-menu-del-tuo-matrimonio-come-quando-e-con-chi\/#primaryimage\"},\"image\":{\"@id\":\"https:\/\/ilgroglio.it\/index.php\/2026\/03\/27\/la-prova-menu-del-tuo-matrimonio-come-quando-e-con-chi\/#primaryimage\"},\"thumbnailUrl\":\"https:\/\/ilgroglio.it\/wp-content\/uploads\/2026\/03\/Immagine1.png\",\"datePublished\":\"2026-03-27T14:05:58+00:00\",\"breadcrumb\":{\"@id\":\"https:\/\/ilgroglio.it\/index.php\/2026\/03\/27\/la-prova-menu-del-tuo-matrimonio-come-quando-e-con-chi\/#breadcrumb\"},\"inLanguage\":\"it-IT\",\"potentialAction\":[{\"@type\":\"ReadAction\",\"target\":[\"https:\/\/ilgroglio.it\/index.php\/2026\/03\/27\/la-prova-menu-del-tuo-matrimonio-come-quando-e-con-chi\/\"]}]},{\"@type\":\"ImageObject\",\"inLanguage\":\"it-IT\",\"@id\":\"https:\/\/ilgroglio.it\/index.php\/2026\/03\/27\/la-prova-menu-del-tuo-matrimonio-come-quando-e-con-chi\/#primaryimage\",\"url\":\"https:\/\/ilgroglio.it\/wp-content\/uploads\/2026\/03\/Immagine1.png\",\"contentUrl\":\"https:\/\/ilgroglio.it\/wp-content\/uploads\/2026\/03\/Immagine1.png\",\"width\":830,\"height\":831},{\"@type\":\"BreadcrumbList\",\"@id\":\"https:\/\/ilgroglio.it\/index.php\/2026\/03\/27\/la-prova-menu-del-tuo-matrimonio-come-quando-e-con-chi\/#breadcrumb\",\"itemListElement\":[{\"@type\":\"ListItem\",\"position\":1,\"name\":\"Home\",\"item\":\"https:\/\/ilgroglio.it\/\"},{\"@type\":\"ListItem\",\"position\":2,\"name\":\"La prova men\u00f9 del tuo matrimonio: come, quando e con chi?\"}]},{\"@type\":\"WebSite\",\"@id\":\"https:\/\/ilgroglio.it\/#website\",\"url\":\"https:\/\/ilgroglio.it\/\",\"name\":\"Il groglio\",\"description\":\"\",\"publisher\":{\"@id\":\"https:\/\/ilgroglio.it\/#organization\"},\"potentialAction\":[{\"@type\":\"SearchAction\",\"target\":{\"@type\":\"EntryPoint\",\"urlTemplate\":\"https:\/\/ilgroglio.it\/?s={search_term_string}\"},\"query-input\":{\"@type\":\"PropertyValueSpecification\",\"valueRequired\":true,\"valueName\":\"search_term_string\"}}],\"inLanguage\":\"it-IT\"},{\"@type\":\"Organization\",\"@id\":\"https:\/\/ilgroglio.it\/#organization\",\"name\":\"Il groglio\",\"url\":\"https:\/\/ilgroglio.it\/\",\"logo\":{\"@type\":\"ImageObject\",\"inLanguage\":\"it-IT\",\"@id\":\"https:\/\/ilgroglio.it\/#\/schema\/logo\/image\/\",\"url\":\"https:\/\/ilgroglio.it\/wp-content\/uploads\/2024\/03\/cropped-il-groglio-1024x390-1.png\",\"contentUrl\":\"https:\/\/ilgroglio.it\/wp-content\/uploads\/2024\/03\/cropped-il-groglio-1024x390-1.png\",\"width\":1024,\"height\":390,\"caption\":\"Il groglio\"},\"image\":{\"@id\":\"https:\/\/ilgroglio.it\/#\/schema\/logo\/image\/\"}},{\"@type\":\"Person\",\"@id\":\"https:\/\/ilgroglio.it\/#\/schema\/person\/1829e345ce7efde17291e46a3e157f64\",\"name\":\"admin\",\"image\":{\"@type\":\"ImageObject\",\"inLanguage\":\"it-IT\",\"@id\":\"https:\/\/ilgroglio.it\/#\/schema\/person\/image\/\",\"url\":\"https:\/\/secure.gravatar.com\/avatar\/d58b6dae1a2daf1fd50927eb1c521300fe5d797f61032b6eef363b568cb5f295?s=96&d=mm&r=g\",\"contentUrl\":\"https:\/\/secure.gravatar.com\/avatar\/d58b6dae1a2daf1fd50927eb1c521300fe5d797f61032b6eef363b568cb5f295?s=96&d=mm&r=g\",\"caption\":\"admin\"},\"sameAs\":[\"https:\/\/ilgroglio.it\"],\"url\":\"https:\/\/ilgroglio.it\/index.php\/author\/00upsrls_adm\/\"}]}<\/script>\n<!-- \/ Yoast SEO plugin. -->","yoast_head_json":{"title":"La prova men\u00f9 del tuo matrimonio: come, quando e con chi? - Il groglio","robots":{"index":"index","follow":"follow","max-snippet":"max-snippet:-1","max-image-preview":"max-image-preview:large","max-video-preview":"max-video-preview:-1"},"canonical":"https:\/\/ilgroglio.it\/index.php\/2026\/03\/27\/la-prova-menu-del-tuo-matrimonio-come-quando-e-con-chi\/","og_locale":"it_IT","og_type":"article","og_title":"La prova men\u00f9 del tuo matrimonio: come, quando e con chi? - Il groglio","og_description":"Fare la prova men\u00f9 \u00e8 uno dei compiti pi\u00f9 importanti e anche uno dei pi\u00f9 deliziosi di tutti i preparativi del matrimonio! \u00c8 fondamentale per scegliere quello che si manger\u00e0 e anche per godersi con calma il men\u00f9 di quel giorno. In effetti al matrimonio gli sposi, troppo presi dai loro ospiti e dalla frenesia [&hellip;]","og_url":"https:\/\/ilgroglio.it\/index.php\/2026\/03\/27\/la-prova-menu-del-tuo-matrimonio-come-quando-e-con-chi\/","og_site_name":"Il groglio","article_published_time":"2026-03-27T14:05:58+00:00","og_image":[{"width":830,"height":831,"url":"https:\/\/ilgroglio.it\/wp-content\/uploads\/2026\/03\/Immagine1.png","type":"image\/png"}],"author":"admin","twitter_card":"summary_large_image","twitter_misc":{"Scritto da":"admin","Tempo di lettura stimato":"3 minuti"},"schema":{"@context":"https:\/\/schema.org","@graph":[{"@type":"Article","@id":"https:\/\/ilgroglio.it\/index.php\/2026\/03\/27\/la-prova-menu-del-tuo-matrimonio-come-quando-e-con-chi\/#article","isPartOf":{"@id":"https:\/\/ilgroglio.it\/index.php\/2026\/03\/27\/la-prova-menu-del-tuo-matrimonio-come-quando-e-con-chi\/"},"author":{"name":"admin","@id":"https:\/\/ilgroglio.it\/#\/schema\/person\/1829e345ce7efde17291e46a3e157f64"},"headline":"La prova men\u00f9 del tuo matrimonio: come, quando e con chi?","datePublished":"2026-03-27T14:05:58+00:00","mainEntityOfPage":{"@id":"https:\/\/ilgroglio.it\/index.php\/2026\/03\/27\/la-prova-menu-del-tuo-matrimonio-come-quando-e-con-chi\/"},"wordCount":438,"commentCount":0,"publisher":{"@id":"https:\/\/ilgroglio.it\/#organization"},"image":{"@id":"https:\/\/ilgroglio.it\/index.php\/2026\/03\/27\/la-prova-menu-del-tuo-matrimonio-come-quando-e-con-chi\/#primaryimage"},"thumbnailUrl":"https:\/\/ilgroglio.it\/wp-content\/uploads\/2026\/03\/Immagine1.png","articleSection":["Matrimoni"],"inLanguage":"it-IT","potentialAction":[{"@type":"CommentAction","name":"Comment","target":["https:\/\/ilgroglio.it\/index.php\/2026\/03\/27\/la-prova-menu-del-tuo-matrimonio-come-quando-e-con-chi\/#respond"]}]},{"@type":"WebPage","@id":"https:\/\/ilgroglio.it\/index.php\/2026\/03\/27\/la-prova-menu-del-tuo-matrimonio-come-quando-e-con-chi\/","url":"https:\/\/ilgroglio.it\/index.php\/2026\/03\/27\/la-prova-menu-del-tuo-matrimonio-come-quando-e-con-chi\/","name":"La prova men\u00f9 del tuo matrimonio: come, quando e con chi? - Il groglio","isPartOf":{"@id":"https:\/\/ilgroglio.it\/#website"},"primaryImageOfPage":{"@id":"https:\/\/ilgroglio.it\/index.php\/2026\/03\/27\/la-prova-menu-del-tuo-matrimonio-come-quando-e-con-chi\/#primaryimage"},"image":{"@id":"https:\/\/ilgroglio.it\/index.php\/2026\/03\/27\/la-prova-menu-del-tuo-matrimonio-come-quando-e-con-chi\/#primaryimage"},"thumbnailUrl":"https:\/\/ilgroglio.it\/wp-content\/uploads\/2026\/03\/Immagine1.png","datePublished":"2026-03-27T14:05:58+00:00","breadcrumb":{"@id":"https:\/\/ilgroglio.it\/index.php\/2026\/03\/27\/la-prova-menu-del-tuo-matrimonio-come-quando-e-con-chi\/#breadcrumb"},"inLanguage":"it-IT","potentialAction":[{"@type":"ReadAction","target":["https:\/\/ilgroglio.it\/index.php\/2026\/03\/27\/la-prova-menu-del-tuo-matrimonio-come-quando-e-con-chi\/"]}]},{"@type":"ImageObject","inLanguage":"it-IT","@id":"https:\/\/ilgroglio.it\/index.php\/2026\/03\/27\/la-prova-menu-del-tuo-matrimonio-come-quando-e-con-chi\/#primaryimage","url":"https:\/\/ilgroglio.it\/wp-content\/uploads\/2026\/03\/Immagine1.png","contentUrl":"https:\/\/ilgroglio.it\/wp-content\/uploads\/2026\/03\/Immagine1.png","width":830,"height":831},{"@type":"BreadcrumbList","@id":"https:\/\/ilgroglio.it\/index.php\/2026\/03\/27\/la-prova-menu-del-tuo-matrimonio-come-quando-e-con-chi\/#breadcrumb","itemListElement":[{"@type":"ListItem","position":1,"name":"Home","item":"https:\/\/ilgroglio.it\/"},{"@type":"ListItem","position":2,"name":"La prova men\u00f9 del tuo matrimonio: come, quando e con chi?"}]},{"@type":"WebSite","@id":"https:\/\/ilgroglio.it\/#website","url":"https:\/\/ilgroglio.it\/","name":"Il groglio","description":"","publisher":{"@id":"https:\/\/ilgroglio.it\/#organization"},"potentialAction":[{"@type":"SearchAction","target":{"@type":"EntryPoint","urlTemplate":"https:\/\/ilgroglio.it\/?s={search_term_string}"},"query-input":{"@type":"PropertyValueSpecification","valueRequired":true,"valueName":"search_term_string"}}],"inLanguage":"it-IT"},{"@type":"Organization","@id":"https:\/\/ilgroglio.it\/#organization","name":"Il groglio","url":"https:\/\/ilgroglio.it\/","logo":{"@type":"ImageObject","inLanguage":"it-IT","@id":"https:\/\/ilgroglio.it\/#\/schema\/logo\/image\/","url":"https:\/\/ilgroglio.it\/wp-content\/uploads\/2024\/03\/cropped-il-groglio-1024x390-1.png","contentUrl":"https:\/\/ilgroglio.it\/wp-content\/uploads\/2024\/03\/cropped-il-groglio-1024x390-1.png","width":1024,"height":390,"caption":"Il groglio"},"image":{"@id":"https:\/\/ilgroglio.it\/#\/schema\/logo\/image\/"}},{"@type":"Person","@id":"https:\/\/ilgroglio.it\/#\/schema\/person\/1829e345ce7efde17291e46a3e157f64","name":"admin","image":{"@type":"ImageObject","inLanguage":"it-IT","@id":"https:\/\/ilgroglio.it\/#\/schema\/person\/image\/","url":"https:\/\/secure.gravatar.com\/avatar\/d58b6dae1a2daf1fd50927eb1c521300fe5d797f61032b6eef363b568cb5f295?s=96&d=mm&r=g","contentUrl":"https:\/\/secure.gravatar.com\/avatar\/d58b6dae1a2daf1fd50927eb1c521300fe5d797f61032b6eef363b568cb5f295?s=96&d=mm&r=g","caption":"admin"},"sameAs":["https:\/\/ilgroglio.it"],"url":"https:\/\/ilgroglio.it\/index.php\/author\/00upsrls_adm\/"}]}},"_links":{"self":[{"href":"https:\/\/ilgroglio.it\/index.php\/wp-json\/wp\/v2\/posts\/1955","targetHints":{"allow":["GET"]}}],"collection":[{"href":"https:\/\/ilgroglio.it\/index.php\/wp-json\/wp\/v2\/posts"}],"about":[{"href":"https:\/\/ilgroglio.it\/index.php\/wp-json\/wp\/v2\/types\/post"}],"author":[{"embeddable":true,"href":"https:\/\/ilgroglio.it\/index.php\/wp-json\/wp\/v2\/users\/1"}],"replies":[{"embeddable":true,"href":"https:\/\/ilgroglio.it\/index.php\/wp-json\/wp\/v2\/comments?post=1955"}],"version-history":[{"count":1,"href":"https:\/\/ilgroglio.it\/index.php\/wp-json\/wp\/v2\/posts\/1955\/revisions"}],"predecessor-version":[{"id":1958,"href":"https:\/\/ilgroglio.it\/index.php\/wp-json\/wp\/v2\/posts\/1955\/revisions\/1958"}],"wp:featuredmedia":[{"embeddable":true,"href":"https:\/\/ilgroglio.it\/index.php\/wp-json\/wp\/v2\/media\/1956"}],"wp:attachment":[{"href":"https:\/\/ilgroglio.it\/index.php\/wp-json\/wp\/v2\/media?parent=1955"}],"wp:term":[{"taxonomy":"category","embeddable":true,"href":"https:\/\/ilgroglio.it\/index.php\/wp-json\/wp\/v2\/categories?post=1955"},{"taxonomy":"post_tag","embeddable":true,"href":"https:\/\/ilgroglio.it\/index.php\/wp-json\/wp\/v2\/tags?post=1955"}],"curies":[{"name":"wp","href":"https:\/\/api.w.org\/{rel}","templated":true}]}}